{"id":185,"date":"2024-07-03T18:41:15","date_gmt":"2024-07-03T16:41:15","guid":{"rendered":"https:\/\/www.aikido-sombernon.fr\/?p=185"},"modified":"2024-09-09T20:26:34","modified_gmt":"2024-09-09T18:26:34","slug":"article-de-test-2","status":"publish","type":"post","link":"https:\/\/www.aikido-sombernon.fr\/?p=185","title":{"rendered":"Date et horaire de rentr\u00e9e Saison 2024\/25"},"content":{"rendered":"\n<p>La rentr\u00e9e du club aura lieu le jeudi 5 septembre 2024 pour les cours Ta\u00efso et Adultes et le 12 septembre 2024 pour les cours Enfants et Ados. A bient\u00f4t sur le tatami !<\/p>\n\n\n\n<p>Cours A\u00efkido Enfant -&gt; 17h45 <\/p>\n\n\n\n<p>Cours A\u00efkido Ados -&gt; 18h30<\/p>\n\n\n\n<p>Cours Ta\u00efso Adultes  -&gt; 19h15<\/p>\n\n\n\n<p>Cours A\u00efkido Adultes -&gt; 20h15<\/p>\n\n\n\n<p>Pr\u00e9voyez d&rsquo;arriver un peu en avance pour vous changer<\/p>\n\n\n\n<p><strong>Important :<\/strong> <strong>L&rsquo;affectation des vestiaires a \u00e9t\u00e9 modifi\u00e9e. Plus d&rsquo;informations sur place<\/strong><\/p>\n\n\n\n<p><\/p>\n","protected":false},"excerpt":{"rendered":"<p>La rentr\u00e9e du club aura lieu le jeudi 5 septembre 2024 pour les cours Ta\u00efso et Adultes et le 12 septembre 2024 pour les cours Enfants et Ados. A bient\u00f4t sur le tatami ! Cours A\u00efkido Enfant -&gt; 17h45 Cours A\u00efkido Ados -&gt; 18h30 Cours Ta\u00efso Adultes -&gt; 19h15 Cours A\u00efkido Adultes -&gt; 20h15 Pr\u00e9voyez [&hellip;]<\/p>\n","protected":false},"author":1,"featured_media":376,"comment_status":"open","ping_status":"open","sticky":false,"template":"","format":"standard","meta":{"footnotes":""},"categories":[6],"tags":[],"class_list":["post-185","post","type-post","status-publish","format-standard","has-post-thumbnail","hentry","category-actualites"],"_links":{"self":[{"href":"https:\/\/www.aikido-sombernon.fr\/index.php?rest_route=\/wp\/v2\/posts\/185","targetHints":{"allow":["GET"]}}],"collection":[{"href":"https:\/\/www.aikido-sombernon.fr\/index.php?rest_route=\/wp\/v2\/posts"}],"about":[{"href":"https:\/\/www.aikido-sombernon.fr\/index.php?rest_route=\/wp\/v2\/types\/post"}],"author":[{"embeddable":true,"href":"https:\/\/www.aikido-sombernon.fr\/index.php?rest_route=\/wp\/v2\/users\/1"}],"replies":[{"embeddable":true,"href":"https:\/\/www.aikido-sombernon.fr\/index.php?rest_route=%2Fwp%2Fv2%2Fcomments&post=185"}],"version-history":[{"count":8,"href":"https:\/\/www.aikido-sombernon.fr\/index.php?rest_route=\/wp\/v2\/posts\/185\/revisions"}],"predecessor-version":[{"id":436,"href":"https:\/\/www.aikido-sombernon.fr\/index.php?rest_route=\/wp\/v2\/posts\/185\/revisions\/436"}],"wp:featuredmedia":[{"embeddable":true,"href":"https:\/\/www.aikido-sombernon.fr\/index.php?rest_route=\/wp\/v2\/media\/376"}],"wp:attachment":[{"href":"https:\/\/www.aikido-sombernon.fr\/index.php?rest_route=%2Fwp%2Fv2%2Fmedia&parent=185"}],"wp:term":[{"taxonomy":"category","embeddable":true,"href":"https:\/\/www.aikido-sombernon.fr\/index.php?rest_route=%2Fwp%2Fv2%2Fcategories&post=185"},{"taxonomy":"post_tag","embeddable":true,"href":"https:\/\/www.aikido-sombernon.fr\/index.php?rest_route=%2Fwp%2Fv2%2Ftags&post=185"}],"curies":[{"name":"wp","href":"https:\/\/api.w.org\/{rel}","templated":true}]}}