{"id":398,"date":"2024-08-31T19:01:13","date_gmt":"2024-08-31T17:01:13","guid":{"rendered":"https:\/\/www.aikido-sombernon.fr\/?p=398"},"modified":"2024-09-09T20:19:15","modified_gmt":"2024-09-09T18:19:15","slug":"fete-des-associations","status":"publish","type":"post","link":"https:\/\/www.aikido-sombernon.fr\/?p=398","title":{"rendered":"Journ\u00e9e des associations"},"content":{"rendered":"\n<p>L&rsquo;Aikido club de Sombernon \u00e9tait \u00e0 Agey le dimanche 8 septembre 2024 de 10h00 \u00e0 18h00 \u00e0 l&rsquo;occasion de la journ\u00e9e des associations organis\u00e9e par la communaut\u00e9 de communes Ouche et Montagne.<\/p>\n\n\n\n<p>Merci \u00e0 tous les visiteurs pour leur pr\u00e9sence sur l&rsquo;\u00e9v\u00e8nement, leur int\u00e9r\u00eat pour notre discipline et leur visite \u00e0 notre stand !<\/p>\n\n\n\n<figure class=\"wp-block-gallery has-nested-images columns-default is-cropped wp-block-gallery-1 is-layout-flex wp-block-gallery-is-layout-flex\">\n<figure class=\"wp-block-image size-large\"><img loading=\"lazy\" decoding=\"async\" width=\"1024\" height=\"768\" data-id=\"430\" src=\"https:\/\/www.aikido-sombernon.fr\/wp-content\/uploads\/2024\/09\/8C0E82A8-8367-417B-A892-D5BFF14C6631_1_102_o-1024x768.jpeg\" alt=\"\" class=\"wp-image-430\" srcset=\"https:\/\/www.aikido-sombernon.fr\/wp-content\/uploads\/2024\/09\/8C0E82A8-8367-417B-A892-D5BFF14C6631_1_102_o-1024x768.jpeg 1024w, https:\/\/www.aikido-sombernon.fr\/wp-content\/uploads\/2024\/09\/8C0E82A8-8367-417B-A892-D5BFF14C6631_1_102_o-300x225.jpeg 300w, https:\/\/www.aikido-sombernon.fr\/wp-content\/uploads\/2024\/09\/8C0E82A8-8367-417B-A892-D5BFF14C6631_1_102_o-768x576.jpeg 768w, https:\/\/www.aikido-sombernon.fr\/wp-content\/uploads\/2024\/09\/8C0E82A8-8367-417B-A892-D5BFF14C6631_1_102_o-1536x1152.jpeg 1536w, https:\/\/www.aikido-sombernon.fr\/wp-content\/uploads\/2024\/09\/8C0E82A8-8367-417B-A892-D5BFF14C6631_1_102_o.jpeg 2048w\" sizes=\"auto, (max-width: 1024px) 100vw, 1024px\" \/><\/figure>\n\n\n\n<figure class=\"wp-block-image size-large\"><img loading=\"lazy\" decoding=\"async\" width=\"1024\" height=\"768\" data-id=\"428\" src=\"https:\/\/www.aikido-sombernon.fr\/wp-content\/uploads\/2024\/09\/091514D0-2F8D-4664-BE04-CF6FCCD1C4D2_1_102_o-1024x768.jpeg\" alt=\"\" class=\"wp-image-428\" srcset=\"https:\/\/www.aikido-sombernon.fr\/wp-content\/uploads\/2024\/09\/091514D0-2F8D-4664-BE04-CF6FCCD1C4D2_1_102_o-1024x768.jpeg 1024w, https:\/\/www.aikido-sombernon.fr\/wp-content\/uploads\/2024\/09\/091514D0-2F8D-4664-BE04-CF6FCCD1C4D2_1_102_o-300x225.jpeg 300w, https:\/\/www.aikido-sombernon.fr\/wp-content\/uploads\/2024\/09\/091514D0-2F8D-4664-BE04-CF6FCCD1C4D2_1_102_o-768x576.jpeg 768w, https:\/\/www.aikido-sombernon.fr\/wp-content\/uploads\/2024\/09\/091514D0-2F8D-4664-BE04-CF6FCCD1C4D2_1_102_o-1536x1152.jpeg 1536w, https:\/\/www.aikido-sombernon.fr\/wp-content\/uploads\/2024\/09\/091514D0-2F8D-4664-BE04-CF6FCCD1C4D2_1_102_o.jpeg 2048w\" sizes=\"auto, (max-width: 1024px) 100vw, 1024px\" \/><\/figure>\n\n\n\n<figure class=\"wp-block-image size-large\"><img loading=\"lazy\" decoding=\"async\" width=\"1024\" height=\"768\" data-id=\"429\" src=\"https:\/\/www.aikido-sombernon.fr\/wp-content\/uploads\/2024\/09\/3414330F-06D6-4F24-BCDB-AC4ADE1AC248_1_102_o-1024x768.jpeg\" alt=\"\" class=\"wp-image-429\" srcset=\"https:\/\/www.aikido-sombernon.fr\/wp-content\/uploads\/2024\/09\/3414330F-06D6-4F24-BCDB-AC4ADE1AC248_1_102_o-1024x768.jpeg 1024w, https:\/\/www.aikido-sombernon.fr\/wp-content\/uploads\/2024\/09\/3414330F-06D6-4F24-BCDB-AC4ADE1AC248_1_102_o-300x225.jpeg 300w, https:\/\/www.aikido-sombernon.fr\/wp-content\/uploads\/2024\/09\/3414330F-06D6-4F24-BCDB-AC4ADE1AC248_1_102_o-768x576.jpeg 768w, https:\/\/www.aikido-sombernon.fr\/wp-content\/uploads\/2024\/09\/3414330F-06D6-4F24-BCDB-AC4ADE1AC248_1_102_o-1536x1152.jpeg 1536w, https:\/\/www.aikido-sombernon.fr\/wp-content\/uploads\/2024\/09\/3414330F-06D6-4F24-BCDB-AC4ADE1AC248_1_102_o.jpeg 2048w\" sizes=\"auto, (max-width: 1024px) 100vw, 1024px\" \/><\/figure>\n<\/figure>\n\n\n\n<figure class=\"wp-block-image size-full is-resized\"><img loading=\"lazy\" decoding=\"async\" width=\"1024\" height=\"768\" src=\"http:\/\/www.aikido-sombernon.fr\/wp-content\/uploads\/2024\/08\/F2562B40-FE9D-409D-90D2-ED62736B1E5E_1_105_c.jpeg\" alt=\"\" class=\"wp-image-421\" style=\"width:920px;height:auto\" srcset=\"https:\/\/www.aikido-sombernon.fr\/wp-content\/uploads\/2024\/08\/F2562B40-FE9D-409D-90D2-ED62736B1E5E_1_105_c.jpeg 1024w, https:\/\/www.aikido-sombernon.fr\/wp-content\/uploads\/2024\/08\/F2562B40-FE9D-409D-90D2-ED62736B1E5E_1_105_c-300x225.jpeg 300w, https:\/\/www.aikido-sombernon.fr\/wp-content\/uploads\/2024\/08\/F2562B40-FE9D-409D-90D2-ED62736B1E5E_1_105_c-768x576.jpeg 768w\" sizes=\"auto, (max-width: 1024px) 100vw, 1024px\" \/><figcaption class=\"wp-element-caption\">Aikido Club Sombernon \u00e0 Agey &#8211; Septembre 2024<\/figcaption><\/figure>\n\n\n\n<p><\/p>\n","protected":false},"excerpt":{"rendered":"<p>L&rsquo;Aikido club de Sombernon \u00e9tait \u00e0 Agey le dimanche 8 septembre 2024 de 10h00 \u00e0 18h00 \u00e0 l&rsquo;occasion de la journ\u00e9e des associations organis\u00e9e par la communaut\u00e9 de communes Ouche et Montagne. Merci \u00e0 tous les visiteurs pour leur pr\u00e9sence sur l&rsquo;\u00e9v\u00e8nement, leur int\u00e9r\u00eat pour notre discipline et leur visite \u00e0 notre stand !<\/p>\n","protected":false},"author":1,"featured_media":407,"comment_status":"open","ping_status":"open","sticky":false,"template":"","format":"standard","meta":{"footnotes":""},"categories":[6],"tags":[],"class_list":["post-398","post","type-post","status-publish","format-standard","has-post-thumbnail","hentry","category-actualites"],"_links":{"self":[{"href":"https:\/\/www.aikido-sombernon.fr\/index.php?rest_route=\/wp\/v2\/posts\/398","targetHints":{"allow":["GET"]}}],"collection":[{"href":"https:\/\/www.aikido-sombernon.fr\/index.php?rest_route=\/wp\/v2\/posts"}],"about":[{"href":"https:\/\/www.aikido-sombernon.fr\/index.php?rest_route=\/wp\/v2\/types\/post"}],"author":[{"embeddable":true,"href":"https:\/\/www.aikido-sombernon.fr\/index.php?rest_route=\/wp\/v2\/users\/1"}],"replies":[{"embeddable":true,"href":"https:\/\/www.aikido-sombernon.fr\/index.php?rest_route=%2Fwp%2Fv2%2Fcomments&post=398"}],"version-history":[{"count":11,"href":"https:\/\/www.aikido-sombernon.fr\/index.php?rest_route=\/wp\/v2\/posts\/398\/revisions"}],"predecessor-version":[{"id":433,"href":"https:\/\/www.aikido-sombernon.fr\/index.php?rest_route=\/wp\/v2\/posts\/398\/revisions\/433"}],"wp:featuredmedia":[{"embeddable":true,"href":"https:\/\/www.aikido-sombernon.fr\/index.php?rest_route=\/wp\/v2\/media\/407"}],"wp:attachment":[{"href":"https:\/\/www.aikido-sombernon.fr\/index.php?rest_route=%2Fwp%2Fv2%2Fmedia&parent=398"}],"wp:term":[{"taxonomy":"category","embeddable":true,"href":"https:\/\/www.aikido-sombernon.fr\/index.php?rest_route=%2Fwp%2Fv2%2Fcategories&post=398"},{"taxonomy":"post_tag","embeddable":true,"href":"https:\/\/www.aikido-sombernon.fr\/index.php?rest_route=%2Fwp%2Fv2%2Ftags&post=398"}],"curies":[{"name":"wp","href":"https:\/\/api.w.org\/{rel}","templated":true}]}}