{"id":482,"date":"2024-09-27T10:50:34","date_gmt":"2024-09-27T08:50:34","guid":{"rendered":"https:\/\/www.aikido-sombernon.fr\/?p=482"},"modified":"2024-09-28T17:44:35","modified_gmt":"2024-09-28T15:44:35","slug":"assemblee-generale-2024","status":"publish","type":"post","link":"https:\/\/www.aikido-sombernon.fr\/?p=482","title":{"rendered":"Assembl\u00e9e G\u00e9n\u00e9rale 2024"},"content":{"rendered":"\n<p>L\u2019assembl\u00e9e g\u00e9n\u00e9rale de l\u2019A\u00efkido Club de Sombernon se tiendra le jeudi 10 octobre \u00e0 20h15 \u00e0 l\u2019espace de la Brenne.<br>En tant que membre direct (Adultes \/ Ta\u00efso) ou indirect via votre\/vos enfant(s) vous \u00eates convi\u00e9s \u00e0 participer.<\/p>\n\n\n\n<p>Vous trouverez ci bas la convocation. Elle contient un bulletin de procuration dans le cas o\u00f9 vous souhaiteriez vous faire repr\u00e9senter.<\/p>\n\n\n\n<p>Afin d\u2019organiser au mieux la s\u00e9ance, et si vous ne faites pas partie du groupe whatsapp, merci de nous confirmer votre pr\u00e9sence par mail ou contact direct.<\/p>\n\n\n\n<p>Important : Le cours Aikido Adultes est de fait annul\u00e9 ce soir l\u00e0.<\/p>\n\n\n\n<div data-wp-interactive=\"core\/file\" class=\"wp-block-file\"><object data-wp-bind--hidden=\"!state.hasPdfPreview\" hidden class=\"wp-block-file__embed\" data=\"https:\/\/www.aikido-sombernon.fr\/wp-content\/uploads\/2024\/09\/convocation-AG-10-10-24.pdf\" type=\"application\/pdf\" style=\"width:100%;height:600px\" aria-label=\"Contenu embarqu\u00e9 convocation-AG 10-10-24.\"><\/object><a id=\"wp-block-file--media-10669501-3183-45fc-9b9d-a0ee763e93b2\" href=\"https:\/\/www.aikido-sombernon.fr\/wp-content\/uploads\/2024\/09\/convocation-AG-10-10-24.pdf\">convocation-AG 10-10-24<\/a><a href=\"https:\/\/www.aikido-sombernon.fr\/wp-content\/uploads\/2024\/09\/convocation-AG-10-10-24.pdf\" class=\"wp-block-file__button wp-element-button\" download aria-describedby=\"wp-block-file--media-10669501-3183-45fc-9b9d-a0ee763e93b2\">T\u00e9l\u00e9charger<\/a><\/div>\n","protected":false},"excerpt":{"rendered":"<p>L\u2019assembl\u00e9e g\u00e9n\u00e9rale de l\u2019A\u00efkido Club de Sombernon se tiendra le jeudi 10 octobre \u00e0 20h15 \u00e0 l\u2019espace de la Brenne.En tant que membre direct (Adultes \/ Ta\u00efso) ou indirect via votre\/vos enfant(s) vous \u00eates convi\u00e9s \u00e0 participer. Vous trouverez ci bas la convocation. Elle contient un bulletin de procuration dans le cas o\u00f9 vous souhaiteriez [&hellip;]<\/p>\n","protected":false},"author":1,"featured_media":486,"comment_status":"open","ping_status":"open","sticky":false,"template":"","format":"standard","meta":{"footnotes":""},"categories":[6],"tags":[],"class_list":["post-482","post","type-post","status-publish","format-standard","has-post-thumbnail","hentry","category-actualites"],"_links":{"self":[{"href":"https:\/\/www.aikido-sombernon.fr\/index.php?rest_route=\/wp\/v2\/posts\/482","targetHints":{"allow":["GET"]}}],"collection":[{"href":"https:\/\/www.aikido-sombernon.fr\/index.php?rest_route=\/wp\/v2\/posts"}],"about":[{"href":"https:\/\/www.aikido-sombernon.fr\/index.php?rest_route=\/wp\/v2\/types\/post"}],"author":[{"embeddable":true,"href":"https:\/\/www.aikido-sombernon.fr\/index.php?rest_route=\/wp\/v2\/users\/1"}],"replies":[{"embeddable":true,"href":"https:\/\/www.aikido-sombernon.fr\/index.php?rest_route=%2Fwp%2Fv2%2Fcomments&post=482"}],"version-history":[{"count":1,"href":"https:\/\/www.aikido-sombernon.fr\/index.php?rest_route=\/wp\/v2\/posts\/482\/revisions"}],"predecessor-version":[{"id":484,"href":"https:\/\/www.aikido-sombernon.fr\/index.php?rest_route=\/wp\/v2\/posts\/482\/revisions\/484"}],"wp:featuredmedia":[{"embeddable":true,"href":"https:\/\/www.aikido-sombernon.fr\/index.php?rest_route=\/wp\/v2\/media\/486"}],"wp:attachment":[{"href":"https:\/\/www.aikido-sombernon.fr\/index.php?rest_route=%2Fwp%2Fv2%2Fmedia&parent=482"}],"wp:term":[{"taxonomy":"category","embeddable":true,"href":"https:\/\/www.aikido-sombernon.fr\/index.php?rest_route=%2Fwp%2Fv2%2Fcategories&post=482"},{"taxonomy":"post_tag","embeddable":true,"href":"https:\/\/www.aikido-sombernon.fr\/index.php?rest_route=%2Fwp%2Fv2%2Ftags&post=482"}],"curies":[{"name":"wp","href":"https:\/\/api.w.org\/{rel}","templated":true}]}}