{"id":488,"date":"2024-10-19T09:54:57","date_gmt":"2024-10-19T07:54:57","guid":{"rendered":"https:\/\/www.aikido-sombernon.fr\/?p=488"},"modified":"2024-10-19T09:54:57","modified_gmt":"2024-10-19T07:54:57","slug":"cours-pendant-les-vacances-de-la-toussaint-2024-%f0%9f%8e%83","status":"publish","type":"post","link":"https:\/\/www.aikido-sombernon.fr\/?p=488","title":{"rendered":"Cours pendant les vacances de la toussaint 2024 \ud83c\udf83"},"content":{"rendered":"\n<p>Pendant les cong\u00e9s de la Toussaint, le club proposera un cours unique (enfants + ados) le jeudi 24\/10 de 18h30 \u00e0 19h15. Pas de cours le 31\/10. Reprise aux horaires habituels d\u00e8s la rentr\u00e9e. <\/p>\n\n\n\n<p>Les cours Ta\u00efso et A\u00efkido Adultes sont maintenus aux horaires habituels pendant cette p\u00e9riode<\/p>\n\n\n\n<p>Bonnes vacances ! \ud83d\udc7b<\/p>\n\n\n\n<p><\/p>\n","protected":false},"excerpt":{"rendered":"<p>Pendant les cong\u00e9s de la Toussaint, le club proposera un cours unique (enfants + ados) le jeudi 24\/10 de 18h30 \u00e0 19h15. Pas de cours le 31\/10. Reprise aux horaires habituels d\u00e8s la rentr\u00e9e. Les cours Ta\u00efso et A\u00efkido Adultes sont maintenus aux horaires habituels pendant cette p\u00e9riode Bonnes vacances ! \ud83d\udc7b<\/p>\n","protected":false},"author":1,"featured_media":0,"comment_status":"open","ping_status":"open","sticky":false,"template":"","format":"standard","meta":{"footnotes":""},"categories":[6],"tags":[],"class_list":["post-488","post","type-post","status-publish","format-standard","hentry","category-actualites"],"_links":{"self":[{"href":"https:\/\/www.aikido-sombernon.fr\/index.php?rest_route=\/wp\/v2\/posts\/488","targetHints":{"allow":["GET"]}}],"collection":[{"href":"https:\/\/www.aikido-sombernon.fr\/index.php?rest_route=\/wp\/v2\/posts"}],"about":[{"href":"https:\/\/www.aikido-sombernon.fr\/index.php?rest_route=\/wp\/v2\/types\/post"}],"author":[{"embeddable":true,"href":"https:\/\/www.aikido-sombernon.fr\/index.php?rest_route=\/wp\/v2\/users\/1"}],"replies":[{"embeddable":true,"href":"https:\/\/www.aikido-sombernon.fr\/index.php?rest_route=%2Fwp%2Fv2%2Fcomments&post=488"}],"version-history":[{"count":1,"href":"https:\/\/www.aikido-sombernon.fr\/index.php?rest_route=\/wp\/v2\/posts\/488\/revisions"}],"predecessor-version":[{"id":489,"href":"https:\/\/www.aikido-sombernon.fr\/index.php?rest_route=\/wp\/v2\/posts\/488\/revisions\/489"}],"wp:attachment":[{"href":"https:\/\/www.aikido-sombernon.fr\/index.php?rest_route=%2Fwp%2Fv2%2Fmedia&parent=488"}],"wp:term":[{"taxonomy":"category","embeddable":true,"href":"https:\/\/www.aikido-sombernon.fr\/index.php?rest_route=%2Fwp%2Fv2%2Fcategories&post=488"},{"taxonomy":"post_tag","embeddable":true,"href":"https:\/\/www.aikido-sombernon.fr\/index.php?rest_route=%2Fwp%2Fv2%2Ftags&post=488"}],"curies":[{"name":"wp","href":"https:\/\/api.w.org\/{rel}","templated":true}]}}