{"id":520,"date":"2025-01-07T18:51:06","date_gmt":"2025-01-07T17:51:06","guid":{"rendered":"https:\/\/www.aikido-sombernon.fr\/?p=520"},"modified":"2025-01-16T22:23:52","modified_gmt":"2025-01-16T21:23:52","slug":"stage-aikido-jeunes-2025","status":"publish","type":"post","link":"https:\/\/www.aikido-sombernon.fr\/?p=520","title":{"rendered":"Stage Aikido Jeunes 2025"},"content":{"rendered":"\n<figure class=\"wp-block-image aligncenter size-full\"><img loading=\"lazy\" decoding=\"async\" width=\"595\" height=\"842\" src=\"https:\/\/www.aikido-sombernon.fr\/wp-content\/uploads\/2025\/01\/Stage-national-jeunes-enseignants-jeunes-fev-2025.jpg\" alt=\"\" class=\"wp-image-521\" srcset=\"https:\/\/www.aikido-sombernon.fr\/wp-content\/uploads\/2025\/01\/Stage-national-jeunes-enseignants-jeunes-fev-2025.jpg 595w, https:\/\/www.aikido-sombernon.fr\/wp-content\/uploads\/2025\/01\/Stage-national-jeunes-enseignants-jeunes-fev-2025-212x300.jpg 212w\" sizes=\"auto, (max-width: 595px) 100vw, 595px\" \/><\/figure>\n\n\n\n<p>Nous avons le plaisir de vous proposer un stage jeune (enfants \/ ados) qui se tiendra le samedi 15 f\u00e9vrier \u00e0 Besan\u00e7on de 14h30 \u00e0 17h. <strong>Le stage est uniquement r\u00e9serv\u00e9 aux adh\u00e9rents du club<\/strong><\/p>\n\n\n\n<p>Le club organise un transport par bus qui partira de Sombernon \u00e0 11h et sera de retour \u00e0 19h.<\/p>\n\n\n\n<p>L&rsquo;ensemble (stage + bus) est gratuit et pris en charge par le club et la ligue Bourgogne Franche Comt\u00e9<\/p>\n\n\n\n<p>Vous avez aussi la possibilit\u00e9 de vous rendre par vos propres moyens au stage.<\/p>\n\n\n\n<p>Nous proposerons dans un second temps et si possible des places d&rsquo;accompagnateurs aux parents qui le souhaiteraient mais nous avons dans un premier temps besoin de connaitre le taux de remplissage du bus qui est limit\u00e9.<\/p>\n\n\n\n<p><strong>Important :<\/strong><\/p>\n\n\n\n<p><strong>Si vous faites partie du groupe WhatsApp, merci d&rsquo;indiquer votre participation directement sur le groupe d\u00e9di\u00e9 pour faciliter notre pointage<\/strong><\/p>\n\n\n\n<p><strong>Date butoir de r\u00e9ponse le 19\/01<\/strong><\/p>\n\n\n\n<p>Information pratiques :<\/p>\n\n\n\n<p>Lieu du Stage : 3 Avenue Montboucons \u00e0 Besan\u00e7on.<\/p>\n\n\n\n<p>Bus :<\/p>\n\n\n\n<ul class=\"wp-block-list\">\n<li>D\u00e9part: 11h00 sur le grand parking de l&rsquo;espace de la Brenne, au niveau du Skate Park de Sombernon.<\/li>\n\n\n\n<li>Itin\u00e9raire : Autoroute, arr\u00eat repas sur l&rsquo;aire de Dole Authume (pr\u00e9voir donc un repas pour votre enfant)<\/li>\n\n\n\n<li>Retour: d\u00e9part de Besan\u00e7on \u00e0 17h30, retour \u00e0 Sombernon \u00e0 19h00 au m\u00eame endroit. (Nous ferons un message dans le groupe WhatsApp pour vous donner l&rsquo;horaire exact si retard)<\/li>\n<\/ul>\n\n\n\n<p><\/p>\n","protected":false},"excerpt":{"rendered":"<p>Nous avons le plaisir de vous proposer un stage jeune (enfants \/ ados) qui se tiendra le samedi 15 f\u00e9vrier \u00e0 Besan\u00e7on de 14h30 \u00e0 17h. Le stage est uniquement r\u00e9serv\u00e9 aux adh\u00e9rents du club Le club organise un transport par bus qui partira de Sombernon \u00e0 11h et sera de retour \u00e0 19h. L&rsquo;ensemble [&hellip;]<\/p>\n","protected":false},"author":1,"featured_media":521,"comment_status":"open","ping_status":"open","sticky":false,"template":"","format":"standard","meta":{"footnotes":""},"categories":[6],"tags":[],"class_list":["post-520","post","type-post","status-publish","format-standard","has-post-thumbnail","hentry","category-actualites"],"_links":{"self":[{"href":"https:\/\/www.aikido-sombernon.fr\/index.php?rest_route=\/wp\/v2\/posts\/520","targetHints":{"allow":["GET"]}}],"collection":[{"href":"https:\/\/www.aikido-sombernon.fr\/index.php?rest_route=\/wp\/v2\/posts"}],"about":[{"href":"https:\/\/www.aikido-sombernon.fr\/index.php?rest_route=\/wp\/v2\/types\/post"}],"author":[{"embeddable":true,"href":"https:\/\/www.aikido-sombernon.fr\/index.php?rest_route=\/wp\/v2\/users\/1"}],"replies":[{"embeddable":true,"href":"https:\/\/www.aikido-sombernon.fr\/index.php?rest_route=%2Fwp%2Fv2%2Fcomments&post=520"}],"version-history":[{"count":4,"href":"https:\/\/www.aikido-sombernon.fr\/index.php?rest_route=\/wp\/v2\/posts\/520\/revisions"}],"predecessor-version":[{"id":529,"href":"https:\/\/www.aikido-sombernon.fr\/index.php?rest_route=\/wp\/v2\/posts\/520\/revisions\/529"}],"wp:featuredmedia":[{"embeddable":true,"href":"https:\/\/www.aikido-sombernon.fr\/index.php?rest_route=\/wp\/v2\/media\/521"}],"wp:attachment":[{"href":"https:\/\/www.aikido-sombernon.fr\/index.php?rest_route=%2Fwp%2Fv2%2Fmedia&parent=520"}],"wp:term":[{"taxonomy":"category","embeddable":true,"href":"https:\/\/www.aikido-sombernon.fr\/index.php?rest_route=%2Fwp%2Fv2%2Fcategories&post=520"},{"taxonomy":"post_tag","embeddable":true,"href":"https:\/\/www.aikido-sombernon.fr\/index.php?rest_route=%2Fwp%2Fv2%2Ftags&post=520"}],"curies":[{"name":"wp","href":"https:\/\/api.w.org\/{rel}","templated":true}]}}