{"id":572,"date":"2025-08-21T19:02:57","date_gmt":"2025-08-21T17:02:57","guid":{"rendered":"https:\/\/www.aikido-sombernon.fr\/?p=572"},"modified":"2025-09-10T20:11:50","modified_gmt":"2025-09-10T18:11:50","slug":"date-et-horaires-de-rentree-saison-2025-26","status":"publish","type":"post","link":"https:\/\/www.aikido-sombernon.fr\/?p=572","title":{"rendered":"Date et horaires de rentr\u00e9e Saison 2025\/26 + Dossier d&rsquo;inscription"},"content":{"rendered":"\n<p>La rentr\u00e9e du club aura lieu le jeudi 11 septembre 2025 pour l&rsquo;ensemble des cours :<\/p>\n\n\n\n<p>Cours A\u00efkido Enfant -&gt; 17h45 <\/p>\n\n\n\n<p>Cours A\u00efkido Ados -&gt; 18h30<\/p>\n\n\n\n<p>Cours Ta\u00efso Adultes  -&gt; 19h15<\/p>\n\n\n\n<p>Cours A\u00efkido Adultes -&gt; 20h15<\/p>\n\n\n\n<p>Pr\u00e9voyez d&rsquo;arriver un peu en avance pour vous changer<\/p>\n\n\n\n<p><strong>Tarifs \u00e0 l&rsquo;ann\u00e9e :<\/strong> A\u00efkido Enfants : 65\u20ac \/ A\u00efkido Adultes (&gt;18ans) : 85\u20ac \/ Ta\u00efso : 70\u20ac<\/p>\n\n\n\n<p><strong>Nous serons \u00e9galement pr\u00e9sents \u00e0 la journ\u00e9e des associations le 7 septembre 2025 \u00e0 AGEY<\/strong><\/p>\n\n\n\n<p><strong>Vous pouvez t\u00e9l\u00e9charger en cliquant sur le bouton ci bas un dossier d&rsquo;inscription. La notice d&rsquo;utilisation \u00e0 l&rsquo;int\u00e9rieur de l&rsquo;archive vous guidera dans votre d\u00e9marche. Si il manque quelques \u00e9l\u00e9ments (num\u00e9ro de license&#8230;) par d&rsquo;inqui\u00e9tude, nous compl\u00e8terons ensemble ces petits d\u00e9tails<\/strong><\/p>\n\n\n\n<div class=\"wp-block-file\"><a id=\"wp-block-file--media-ed4ce13e-87c8-42d2-8fb3-ca292c97c53a\" href=\"http:\/\/www.aikido-sombernon.fr\/wp-content\/uploads\/2025\/09\/Inscription-Aikido-2025.zip\">Inscription-Aikido-2025<\/a><a href=\"http:\/\/www.aikido-sombernon.fr\/wp-content\/uploads\/2025\/09\/Inscription-Aikido-2025.zip\" class=\"wp-block-file__button wp-element-button\" download aria-describedby=\"wp-block-file--media-ed4ce13e-87c8-42d2-8fb3-ca292c97c53a\">T\u00e9l\u00e9charger<\/a><\/div>\n\n\n\n<p><em>En cas de difficult\u00e9 pour t\u00e9l\u00e9charger le dossier, faites un clic droit sur le bouton \u00ab\u00a0t\u00e9l\u00e9charger\u00a0\u00bb puis \u00ab\u00a0enregistrer le lien sous\u00a0\u00bb comme montr\u00e9 dans la capture<\/em>.<em> Sur les t\u00e9l\u00e9phones Android ou iOS un appui long sur le bouton \u00ab\u00a0t\u00e9l\u00e9charger\u00a0\u00bb est peut \u00eatre n\u00e9cessaire pour afficher les options de t\u00e9l\u00e9chargement.<\/em><\/p>\n\n\n\n<figure class=\"wp-block-image size-full\"><img loading=\"lazy\" decoding=\"async\" width=\"381\" height=\"288\" src=\"https:\/\/www.aikido-sombernon.fr\/wp-content\/uploads\/2025\/08\/Aide-DL-1.png\" alt=\"\" class=\"wp-image-597\" srcset=\"https:\/\/www.aikido-sombernon.fr\/wp-content\/uploads\/2025\/08\/Aide-DL-1.png 381w, https:\/\/www.aikido-sombernon.fr\/wp-content\/uploads\/2025\/08\/Aide-DL-1-300x227.png 300w\" sizes=\"auto, (max-width: 381px) 100vw, 381px\" \/><\/figure>\n","protected":false},"excerpt":{"rendered":"<p>La rentr\u00e9e du club aura lieu le jeudi 11 septembre 2025 pour l&rsquo;ensemble des cours : Cours A\u00efkido Enfant -&gt; 17h45 Cours A\u00efkido Ados -&gt; 18h30 Cours Ta\u00efso Adultes -&gt; 19h15 Cours A\u00efkido Adultes -&gt; 20h15 Pr\u00e9voyez d&rsquo;arriver un peu en avance pour vous changer Tarifs \u00e0 l&rsquo;ann\u00e9e : A\u00efkido Enfants : 65\u20ac \/ A\u00efkido [&hellip;]<\/p>\n","protected":false},"author":1,"featured_media":561,"comment_status":"open","ping_status":"open","sticky":false,"template":"","format":"standard","meta":{"footnotes":""},"categories":[6],"tags":[],"class_list":["post-572","post","type-post","status-publish","format-standard","has-post-thumbnail","hentry","category-actualites"],"_links":{"self":[{"href":"https:\/\/www.aikido-sombernon.fr\/index.php?rest_route=\/wp\/v2\/posts\/572","targetHints":{"allow":["GET"]}}],"collection":[{"href":"https:\/\/www.aikido-sombernon.fr\/index.php?rest_route=\/wp\/v2\/posts"}],"about":[{"href":"https:\/\/www.aikido-sombernon.fr\/index.php?rest_route=\/wp\/v2\/types\/post"}],"author":[{"embeddable":true,"href":"https:\/\/www.aikido-sombernon.fr\/index.php?rest_route=\/wp\/v2\/users\/1"}],"replies":[{"embeddable":true,"href":"https:\/\/www.aikido-sombernon.fr\/index.php?rest_route=%2Fwp%2Fv2%2Fcomments&post=572"}],"version-history":[{"count":19,"href":"https:\/\/www.aikido-sombernon.fr\/index.php?rest_route=\/wp\/v2\/posts\/572\/revisions"}],"predecessor-version":[{"id":604,"href":"https:\/\/www.aikido-sombernon.fr\/index.php?rest_route=\/wp\/v2\/posts\/572\/revisions\/604"}],"wp:featuredmedia":[{"embeddable":true,"href":"https:\/\/www.aikido-sombernon.fr\/index.php?rest_route=\/wp\/v2\/media\/561"}],"wp:attachment":[{"href":"https:\/\/www.aikido-sombernon.fr\/index.php?rest_route=%2Fwp%2Fv2%2Fmedia&parent=572"}],"wp:term":[{"taxonomy":"category","embeddable":true,"href":"https:\/\/www.aikido-sombernon.fr\/index.php?rest_route=%2Fwp%2Fv2%2Fcategories&post=572"},{"taxonomy":"post_tag","embeddable":true,"href":"https:\/\/www.aikido-sombernon.fr\/index.php?rest_route=%2Fwp%2Fv2%2Ftags&post=572"}],"curies":[{"name":"wp","href":"https:\/\/api.w.org\/{rel}","templated":true}]}}